{"id":653,"date":"2026-08-29T10:10:25","date_gmt":"2026-08-29T10:10:25","guid":{"rendered":"https:\/\/www.jf-sbarnabe.pt\/dev\/?p=653"},"modified":"2026-08-29T10:10:25","modified_gmt":"2026-08-29T10:10:25","slug":"a-junta-de-freguesia-de-sao-barnabe-marcou-presenca-em-mais-uma-edicao-da-facal","status":"publish","type":"post","link":"https:\/\/www.jf-sbarnabe.pt\/dev\/2026\/08\/29\/a-junta-de-freguesia-de-sao-barnabe-marcou-presenca-em-mais-uma-edicao-da-facal\/","title":{"rendered":"A Junta de Freguesia de S\u00e3o Barnab\u00e9 marcou presen\u00e7a em mais uma edi\u00e7\u00e3o da FACAL"},"content":{"rendered":"\n<p class=\"wp-block-paragraph\">A Junta de Freguesia de S\u00e3o Barnab\u00e9 esteve presente em mais uma edi\u00e7\u00e3o da FACAL, refor\u00e7ando a divulga\u00e7\u00e3o da freguesia, das suas tradi\u00e7\u00f5es e da identidade local junto de visitantes e da comunidade.<\/p>\n","protected":false},"excerpt":{"rendered":"<p>A Junta de Freguesia de S\u00e3o Barnab\u00e9 esteve presente em mais uma edi\u00e7\u00e3o da FACAL, refor\u00e7ando a divulga\u00e7\u00e3o da freguesia, das suas tradi\u00e7\u00f5es e da identidade local junto de visitantes e da comunidade.<\/p>\n","protected":false},"author":1,"featured_media":655,"comment_status":"open","ping_status":"open","sticky":false,"template":"","format":"standard","meta":{"footnotes":""},"categories":[1],"tags":[],"class_list":["post-653","post","type-post","status-publish","format-standard","has-post-thumbnail","hentry","category-uncategorized"],"_links":{"self":[{"href":"https:\/\/www.jf-sbarnabe.pt\/dev\/wp-json\/wp\/v2\/posts\/653","targetHints":{"allow":["GET"]}}],"collection":[{"href":"https:\/\/www.jf-sbarnabe.pt\/dev\/wp-json\/wp\/v2\/posts"}],"about":[{"href":"https:\/\/www.jf-sbarnabe.pt\/dev\/wp-json\/wp\/v2\/types\/post"}],"author":[{"embeddable":true,"href":"https:\/\/www.jf-sbarnabe.pt\/dev\/wp-json\/wp\/v2\/users\/1"}],"replies":[{"embeddable":true,"href":"https:\/\/www.jf-sbarnabe.pt\/dev\/wp-json\/wp\/v2\/comments?post=653"}],"version-history":[{"count":1,"href":"https:\/\/www.jf-sbarnabe.pt\/dev\/wp-json\/wp\/v2\/posts\/653\/revisions"}],"predecessor-version":[{"id":656,"href":"https:\/\/www.jf-sbarnabe.pt\/dev\/wp-json\/wp\/v2\/posts\/653\/revisions\/656"}],"wp:featuredmedia":[{"embeddable":true,"href":"https:\/\/www.jf-sbarnabe.pt\/dev\/wp-json\/wp\/v2\/media\/655"}],"wp:attachment":[{"href":"https:\/\/www.jf-sbarnabe.pt\/dev\/wp-json\/wp\/v2\/media?parent=653"}],"wp:term":[{"taxonomy":"category","embeddable":true,"href":"https:\/\/www.jf-sbarnabe.pt\/dev\/wp-json\/wp\/v2\/categories?post=653"},{"taxonomy":"post_tag","embeddable":true,"href":"https:\/\/www.jf-sbarnabe.pt\/dev\/wp-json\/wp\/v2\/tags?post=653"}],"curies":[{"name":"wp","href":"https:\/\/api.w.org\/{rel}","templated":true}]}}